{"id":50283,"date":"2025-04-01T10:41:36","date_gmt":"2025-04-01T13:41:36","guid":{"rendered":"https:\/\/laescueladevida.com.ar\/?p=50283"},"modified":"2025-04-01T10:48:14","modified_gmt":"2025-04-01T13:48:14","slug":"como-aceptar-el-cambio-y-crecer-con-la-vida","status":"publish","type":"post","link":"https:\/\/laescueladevida.com.ar\/index.php\/2025\/04\/01\/como-aceptar-el-cambio-y-crecer-con-la-vida\/","title":{"rendered":"C\u00f3mo Aceptar el Cambio y Crecer con la Vida: Una Reflexi\u00f3n Necesaria"},"content":{"rendered":"\n[et_pb_section fb_built=&#8221;1&#8243; theme_builder_area=&#8221;post_content&#8221; _builder_version=&#8221;4.27.4&#8243; _module_preset=&#8221;default&#8221; custom_margin=&#8221;-16px||||false|false&#8221; custom_padding=&#8221;0px||||false|false&#8221; hover_enabled=&#8221;0&#8243; sticky_enabled=&#8221;0&#8243;][et_pb_row _builder_version=&#8221;4.27.4&#8243; _module_preset=&#8221;default&#8221; theme_builder_area=&#8221;post_content&#8221;][et_pb_column _builder_version=&#8221;4.27.4&#8243; _module_preset=&#8221;default&#8221; type=&#8221;4_4&#8243; theme_builder_area=&#8221;post_content&#8221;][et_pb_text _builder_version=&#8221;4.27.4&#8243; _module_preset=&#8221;default&#8221; theme_builder_area=&#8221;post_content&#8221; custom_margin=&#8221;0px||0px||false|false&#8221; custom_padding=&#8221;0px||0px||false|false&#8221; hover_enabled=&#8221;0&#8243; sticky_enabled=&#8221;0&#8243;]<p data-start=\"523\" data-end=\"775\" class=\"\">Si algo he aprendido con el tiempo, es que la vida no se desarrolla como uno la planea. Hace 20 a\u00f1os, imaginaba un futuro completamente distinto al que vivo hoy. Pero lejos de ser algo negativo, este cambio constante ha sido una gran lecci\u00f3n de vida.<\/p>\n<h2 data-start=\"777\" data-end=\"820\" class=\"\"><strong data-start=\"780\" data-end=\"818\">El Camino que Nunca Pens\u00e9 Recorrer<\/strong><\/h2>\n<p data-start=\"821\" data-end=\"1103\" class=\"\">Siempre dije que jam\u00e1s ir\u00eda por ciertos caminos, pero termin\u00e9 andando por ellos. Promet\u00ed que nunca subir\u00eda ciertas escaleras, y las sub\u00ed de dos en dos. Esto me ense\u00f1\u00f3 que la vida no se ajusta a nuestras expectativas, sino que nos desaf\u00eda y nos lleva justo donde necesitamos estar.<\/p>\n<h2 data-start=\"1105\" data-end=\"1167\" class=\"\"><strong data-start=\"1108\" data-end=\"1165\">Personas que Van y Vienen: El Valor de Cada Encuentro<\/strong><\/h2>\n<p data-start=\"1168\" data-end=\"1413\" class=\"\">En el trayecto, he tenido amigos que hoy ya no forman parte de mi vida, y sin embargo, he encontrado a personas maravillosas con las que antes no habr\u00eda compartido ni un caf\u00e9. Cada relaci\u00f3n, ya sea temporal o duradera, nos ense\u00f1a algo valioso.<\/p>\n<h2 data-start=\"1415\" data-end=\"1459\" class=\"\"><strong data-start=\"1418\" data-end=\"1457\">Luchar por lo Que Realmente Importa<\/strong><\/h2>\n<p data-start=\"1460\" data-end=\"1691\" class=\"\">Hubo tiempos en los que pele\u00e9 hasta la extenuaci\u00f3n por causas que hoy no merecen ni un minuto de mi atenci\u00f3n. Pero en esa lucha aprend\u00ed. Ahora invierto mi energ\u00eda en lo que realmente me hace crecer y aporta significado a mi vida.<\/p>\n<h2 data-start=\"1693\" data-end=\"1739\" class=\"\"><strong data-start=\"1696\" data-end=\"1737\">Descubriendo el Sentido en lo Peque\u00f1o<\/strong><\/h2>\n<p data-start=\"1740\" data-end=\"1999\" class=\"\">Lo m\u00e1s sorprendente es que encontr\u00e9 el verdadero sentido de mi vida en momentos que antes me habr\u00edan pasado desapercibidos. La felicidad y la realizaci\u00f3n no siempre est\u00e1n en los grandes logros, sino en las peque\u00f1as cosas que dan sentido a nuestro d\u00eda a d\u00eda.<\/p>\n<h2 data-start=\"2001\" data-end=\"2065\" class=\"\"><strong data-start=\"2004\" data-end=\"2063\">Conclusi\u00f3n: Todo Pasa, Todo Cambia, Todo Ayuda a Crecer<\/strong><\/h2>\n<p data-start=\"2066\" data-end=\"2410\" class=\"\">La clave est\u00e1 en aceptar que la vida es un cambio constante. Todo lo que sucede, incluso lo que parece negativo, nos est\u00e1 preparando para algo mejor. Si aprendemos a adaptarnos, a soltar lo que ya no nos sirve y a abrazar lo nuevo con gratitud, descubriremos que cada experiencia nos est\u00e1 moldeando para convertirnos en nuestra mejor versi\u00f3n.<\/p>\n<p data-start=\"2412\" data-end=\"2648\" class=\"\">\ud83c\udf1f <strong data-start=\"2415\" data-end=\"2643\">Si te ha resonado esta reflexi\u00f3n, comp\u00e1rtela con alguien que necesite leer esto hoy. Y si quieres m\u00e1s contenido inspirador, siguenos en nuestras redes <a href=\"https:\/\/www.instagram.com\/karinabenito_escuela\/\">@karinaBenito_Escuela<\/a>. \u00a1La vida est\u00e1 llena de sorpresas, aseg\u00farate de recibir las mejores!<\/strong> \ud83d\ude80<\/p>[\/et_pb_text][\/et_pb_column][\/et_pb_row][\/et_pb_section]\n","protected":false},"excerpt":{"rendered":"<p>Si algo he aprendido con el tiempo, es que la vida no se desarrolla como uno la planea. Hace 20 a\u00f1os, imaginaba un futuro completamente distinto al que vivo hoy. Pero lejos de ser algo negativo, este cambio constante ha sido una gran lecci\u00f3n de vida. El Camino que Nunca Pens\u00e9 Recorrer Siempre dije que [&hellip;]<\/p>\n","protected":false},"author":3,"featured_media":50249,"comment_status":"open","ping_status":"open","sticky":false,"template":"","format":"standard","meta":{"_et_pb_use_builder":"on","_et_pb_old_content":"","_et_gb_content_width":"","footnotes":""},"categories":[37],"tags":[54,53,50,51,52,56,55,57],"class_list":["post-50283","post","type-post","status-publish","format-standard","has-post-thumbnail","hentry","category-post","tag-adaptarse-al-cambio","tag-aprender-de-la-vida","tag-cambio-personal","tag-crecimiento-interior","tag-desarrollo-personal","tag-motivacion-y-superacion","tag-reflexion-sobre-la-vida","tag-sentido-de-la-vida"],"yoast_head":"<!-- This site is optimized with the Yoast SEO plugin v26.8 - https:\/\/yoast.com\/product\/yoast-seo-wordpress\/ -->\n<title>C\u00f3mo Aceptar el Cambio y Crecer con la Vida | Reflexi\u00f3n Inspiradora<\/title>\n<meta name=\"description\" content=\"\u2728 La vida cambia constantemente, y aprender a aceptarlo es clave para crecer. Descubre c\u00f3mo las experiencias inesperadas pueden llevarte a tu mejor versi\u00f3n. \ud83c\udf3f \u00a1Leer m\u00e1s!\" \/>\n<meta name=\"robots\" content=\"index, follow, max-snippet:-1, max-image-preview:large, max-video-preview:-1\" \/>\n<link rel=\"canonical\" href=\"https:\/\/laescueladevida.com.ar\/index.php\/2025\/04\/01\/como-aceptar-el-cambio-y-crecer-con-la-vida\/\" \/>\n<meta property=\"og:locale\" content=\"es_ES\" \/>\n<meta property=\"og:type\" content=\"article\" \/>\n<meta property=\"og:title\" content=\"C\u00f3mo Aceptar el Cambio y Crecer con la Vida | Reflexi\u00f3n Inspiradora\" \/>\n<meta property=\"og:description\" content=\"\u2728 La vida cambia constantemente, y aprender a aceptarlo es clave para crecer. Descubre c\u00f3mo las experiencias inesperadas pueden llevarte a tu mejor versi\u00f3n. \ud83c\udf3f \u00a1Leer m\u00e1s!\" \/>\n<meta property=\"og:url\" content=\"https:\/\/laescueladevida.com.ar\/index.php\/2025\/04\/01\/como-aceptar-el-cambio-y-crecer-con-la-vida\/\" \/>\n<meta property=\"og:site_name\" content=\"Escuela de Vida\" \/>\n<meta property=\"article:publisher\" content=\"https:\/\/www.facebook.com\/karinabenito.escuela\" \/>\n<meta property=\"article:author\" content=\"https:\/\/www.facebook.com\/karinabenito.escuela\" \/>\n<meta property=\"article:published_time\" content=\"2025-04-01T13:41:36+00:00\" \/>\n<meta property=\"article:modified_time\" content=\"2025-04-01T13:48:14+00:00\" \/>\n<meta property=\"og:image\" content=\"https:\/\/laescueladevida.com.ar\/wp-content\/uploads\/2025\/03\/20250223_140056-1-scaled.webp\" \/>\n\t<meta property=\"og:image:width\" content=\"1441\" \/>\n\t<meta property=\"og:image:height\" content=\"2560\" \/>\n\t<meta property=\"og:image:type\" content=\"image\/webp\" \/>\n<meta name=\"author\" content=\"Karina Benito\" \/>\n<meta name=\"twitter:card\" content=\"summary_large_image\" \/>\n<meta name=\"twitter:label1\" content=\"Escrito por\" \/>\n\t<meta name=\"twitter:data1\" content=\"Karina Benito\" \/>\n\t<meta name=\"twitter:label2\" content=\"Tiempo de lectura\" \/>\n\t<meta name=\"twitter:data2\" content=\"2 minutos\" \/>\n<script type=\"application\/ld+json\" class=\"yoast-schema-graph\">{\"@context\":\"https:\/\/schema.org\",\"@graph\":[{\"@type\":\"Article\",\"@id\":\"https:\/\/laescueladevida.com.ar\/index.php\/2025\/04\/01\/como-aceptar-el-cambio-y-crecer-con-la-vida\/#article\",\"isPartOf\":{\"@id\":\"https:\/\/laescueladevida.com.ar\/index.php\/2025\/04\/01\/como-aceptar-el-cambio-y-crecer-con-la-vida\/\"},\"author\":{\"name\":\"Karina Benito\",\"@id\":\"https:\/\/laescueladevida.com.ar\/#\/schema\/person\/7f8cd1f6f0ed927dffb428a028a5e312\"},\"headline\":\"C\u00f3mo Aceptar el Cambio y Crecer con la Vida: Una Reflexi\u00f3n Necesaria\",\"datePublished\":\"2025-04-01T13:41:36+00:00\",\"dateModified\":\"2025-04-01T13:48:14+00:00\",\"mainEntityOfPage\":{\"@id\":\"https:\/\/laescueladevida.com.ar\/index.php\/2025\/04\/01\/como-aceptar-el-cambio-y-crecer-con-la-vida\/\"},\"wordCount\":497,\"commentCount\":0,\"publisher\":{\"@id\":\"https:\/\/laescueladevida.com.ar\/#\/schema\/person\/7f8cd1f6f0ed927dffb428a028a5e312\"},\"image\":{\"@id\":\"https:\/\/laescueladevida.com.ar\/index.php\/2025\/04\/01\/como-aceptar-el-cambio-y-crecer-con-la-vida\/#primaryimage\"},\"thumbnailUrl\":\"https:\/\/laescueladevida.com.ar\/wp-content\/uploads\/2025\/03\/20250223_140056-1-scaled.webp\",\"keywords\":[\"Adaptarse al cambio\",\"Aprender de la vida\",\"Cambio personal\",\"Crecimiento interior\",\"Desarrollo personal\",\"Motivaci\u00f3n y superaci\u00f3n\",\"Reflexi\u00f3n sobre la vida\",\"Sentido de la vida\"],\"articleSection\":[\"Post\"],\"inLanguage\":\"es\",\"potentialAction\":[{\"@type\":\"CommentAction\",\"name\":\"Comment\",\"target\":[\"https:\/\/laescueladevida.com.ar\/index.php\/2025\/04\/01\/como-aceptar-el-cambio-y-crecer-con-la-vida\/#respond\"]}]},{\"@type\":\"WebPage\",\"@id\":\"https:\/\/laescueladevida.com.ar\/index.php\/2025\/04\/01\/como-aceptar-el-cambio-y-crecer-con-la-vida\/\",\"url\":\"https:\/\/laescueladevida.com.ar\/index.php\/2025\/04\/01\/como-aceptar-el-cambio-y-crecer-con-la-vida\/\",\"name\":\"C\u00f3mo Aceptar el Cambio y Crecer con la Vida | Reflexi\u00f3n Inspiradora\",\"isPartOf\":{\"@id\":\"https:\/\/laescueladevida.com.ar\/#website\"},\"primaryImageOfPage\":{\"@id\":\"https:\/\/laescueladevida.com.ar\/index.php\/2025\/04\/01\/como-aceptar-el-cambio-y-crecer-con-la-vida\/#primaryimage\"},\"image\":{\"@id\":\"https:\/\/laescueladevida.com.ar\/index.php\/2025\/04\/01\/como-aceptar-el-cambio-y-crecer-con-la-vida\/#primaryimage\"},\"thumbnailUrl\":\"https:\/\/laescueladevida.com.ar\/wp-content\/uploads\/2025\/03\/20250223_140056-1-scaled.webp\",\"datePublished\":\"2025-04-01T13:41:36+00:00\",\"dateModified\":\"2025-04-01T13:48:14+00:00\",\"description\":\"\u2728 La vida cambia constantemente, y aprender a aceptarlo es clave para crecer. Descubre c\u00f3mo las experiencias inesperadas pueden llevarte a tu mejor versi\u00f3n. \ud83c\udf3f \u00a1Leer m\u00e1s!\",\"breadcrumb\":{\"@id\":\"https:\/\/laescueladevida.com.ar\/index.php\/2025\/04\/01\/como-aceptar-el-cambio-y-crecer-con-la-vida\/#breadcrumb\"},\"inLanguage\":\"es\",\"potentialAction\":[{\"@type\":\"ReadAction\",\"target\":[\"https:\/\/laescueladevida.com.ar\/index.php\/2025\/04\/01\/como-aceptar-el-cambio-y-crecer-con-la-vida\/\"]}]},{\"@type\":\"ImageObject\",\"inLanguage\":\"es\",\"@id\":\"https:\/\/laescueladevida.com.ar\/index.php\/2025\/04\/01\/como-aceptar-el-cambio-y-crecer-con-la-vida\/#primaryimage\",\"url\":\"https:\/\/laescueladevida.com.ar\/wp-content\/uploads\/2025\/03\/20250223_140056-1-scaled.webp\",\"contentUrl\":\"https:\/\/laescueladevida.com.ar\/wp-content\/uploads\/2025\/03\/20250223_140056-1-scaled.webp\",\"width\":1441,\"height\":2560},{\"@type\":\"BreadcrumbList\",\"@id\":\"https:\/\/laescueladevida.com.ar\/index.php\/2025\/04\/01\/como-aceptar-el-cambio-y-crecer-con-la-vida\/#breadcrumb\",\"itemListElement\":[{\"@type\":\"ListItem\",\"position\":1,\"name\":\"Portada\",\"item\":\"https:\/\/laescueladevida.com.ar\/\"},{\"@type\":\"ListItem\",\"position\":2,\"name\":\"C\u00f3mo Aceptar el Cambio y Crecer con la Vida: Una Reflexi\u00f3n Necesaria\"}]},{\"@type\":\"WebSite\",\"@id\":\"https:\/\/laescueladevida.com.ar\/#website\",\"url\":\"https:\/\/laescueladevida.com.ar\/\",\"name\":\"Escuela de Vida\",\"description\":\"Escuela de Vida ofrece herramientas psico-bioemocionales para superar bloqueos y vivir plenamente. Sesiones intensivas y talleres hol\u00edsticos. \ud83c\udf3f\ud83d\udcab\",\"publisher\":{\"@id\":\"https:\/\/laescueladevida.com.ar\/#\/schema\/person\/7f8cd1f6f0ed927dffb428a028a5e312\"},\"potentialAction\":[{\"@type\":\"SearchAction\",\"target\":{\"@type\":\"EntryPoint\",\"urlTemplate\":\"https:\/\/laescueladevida.com.ar\/?s={search_term_string}\"},\"query-input\":{\"@type\":\"PropertyValueSpecification\",\"valueRequired\":true,\"valueName\":\"search_term_string\"}}],\"inLanguage\":\"es\"},{\"@type\":[\"Person\",\"Organization\"],\"@id\":\"https:\/\/laescueladevida.com.ar\/#\/schema\/person\/7f8cd1f6f0ed927dffb428a028a5e312\",\"name\":\"Karina Benito\",\"image\":{\"@type\":\"ImageObject\",\"inLanguage\":\"es\",\"@id\":\"https:\/\/laescueladevida.com.ar\/#\/schema\/person\/image\/\",\"url\":\"https:\/\/laescueladevida.com.ar\/wp-content\/uploads\/2025\/01\/logo-escuela-1.webp\",\"contentUrl\":\"https:\/\/laescueladevida.com.ar\/wp-content\/uploads\/2025\/01\/logo-escuela-1.webp\",\"width\":512,\"height\":483,\"caption\":\"Karina Benito\"},\"logo\":{\"@id\":\"https:\/\/laescueladevida.com.ar\/#\/schema\/person\/image\/\"},\"description\":\"Soy Karina Benito, residente de Luj\u00e1n, en la Provincia de Buenos Aires, Argentina. Con m\u00e1s de una d\u00e9cada de experiencia en la Decodificaci\u00f3n Psicogeneal\u00f3gica, he dedicado mi carrera a guiar a las personas en sus procesos de transformaci\u00f3n personal. Adem\u00e1s de ofrecer consultas personalizadas, imparto seminarios y formaciones, enriqueciendo continuamente el conocimiento y las herramientas disponibles para aquellos que buscan sanar y crecer. Como fundadora de 'Escuela de Vida', he tenido el privilegio de acompa\u00f1ar a innumerables individuos en sus caminos hacia una comprensi\u00f3n m\u00e1s profunda de s\u00ed mismos y de sus lealtades familiares.\",\"sameAs\":[\"http:\/\/laescueladevida.com.ar\",\"https:\/\/www.facebook.com\/karinabenito.escuela\",\"https:\/\/www.instagram.com\/karinabenito_escuela\/\",\"https:\/\/www.youtube.com\/@karinabenito\"],\"url\":\"https:\/\/laescueladevida.com.ar\/index.php\/author\/kbenito\/\"}]}<\/script>\n<!-- \/ Yoast SEO plugin. -->","yoast_head_json":{"title":"C\u00f3mo Aceptar el Cambio y Crecer con la Vida | Reflexi\u00f3n Inspiradora","description":"\u2728 La vida cambia constantemente, y aprender a aceptarlo es clave para crecer. Descubre c\u00f3mo las experiencias inesperadas pueden llevarte a tu mejor versi\u00f3n. \ud83c\udf3f \u00a1Leer m\u00e1s!","robots":{"index":"index","follow":"follow","max-snippet":"max-snippet:-1","max-image-preview":"max-image-preview:large","max-video-preview":"max-video-preview:-1"},"canonical":"https:\/\/laescueladevida.com.ar\/index.php\/2025\/04\/01\/como-aceptar-el-cambio-y-crecer-con-la-vida\/","og_locale":"es_ES","og_type":"article","og_title":"C\u00f3mo Aceptar el Cambio y Crecer con la Vida | Reflexi\u00f3n Inspiradora","og_description":"\u2728 La vida cambia constantemente, y aprender a aceptarlo es clave para crecer. Descubre c\u00f3mo las experiencias inesperadas pueden llevarte a tu mejor versi\u00f3n. \ud83c\udf3f \u00a1Leer m\u00e1s!","og_url":"https:\/\/laescueladevida.com.ar\/index.php\/2025\/04\/01\/como-aceptar-el-cambio-y-crecer-con-la-vida\/","og_site_name":"Escuela de Vida","article_publisher":"https:\/\/www.facebook.com\/karinabenito.escuela","article_author":"https:\/\/www.facebook.com\/karinabenito.escuela","article_published_time":"2025-04-01T13:41:36+00:00","article_modified_time":"2025-04-01T13:48:14+00:00","og_image":[{"width":1441,"height":2560,"url":"https:\/\/laescueladevida.com.ar\/wp-content\/uploads\/2025\/03\/20250223_140056-1-scaled.webp","type":"image\/webp"}],"author":"Karina Benito","twitter_card":"summary_large_image","twitter_misc":{"Escrito por":"Karina Benito","Tiempo de lectura":"2 minutos"},"schema":{"@context":"https:\/\/schema.org","@graph":[{"@type":"Article","@id":"https:\/\/laescueladevida.com.ar\/index.php\/2025\/04\/01\/como-aceptar-el-cambio-y-crecer-con-la-vida\/#article","isPartOf":{"@id":"https:\/\/laescueladevida.com.ar\/index.php\/2025\/04\/01\/como-aceptar-el-cambio-y-crecer-con-la-vida\/"},"author":{"name":"Karina Benito","@id":"https:\/\/laescueladevida.com.ar\/#\/schema\/person\/7f8cd1f6f0ed927dffb428a028a5e312"},"headline":"C\u00f3mo Aceptar el Cambio y Crecer con la Vida: Una Reflexi\u00f3n Necesaria","datePublished":"2025-04-01T13:41:36+00:00","dateModified":"2025-04-01T13:48:14+00:00","mainEntityOfPage":{"@id":"https:\/\/laescueladevida.com.ar\/index.php\/2025\/04\/01\/como-aceptar-el-cambio-y-crecer-con-la-vida\/"},"wordCount":497,"commentCount":0,"publisher":{"@id":"https:\/\/laescueladevida.com.ar\/#\/schema\/person\/7f8cd1f6f0ed927dffb428a028a5e312"},"image":{"@id":"https:\/\/laescueladevida.com.ar\/index.php\/2025\/04\/01\/como-aceptar-el-cambio-y-crecer-con-la-vida\/#primaryimage"},"thumbnailUrl":"https:\/\/laescueladevida.com.ar\/wp-content\/uploads\/2025\/03\/20250223_140056-1-scaled.webp","keywords":["Adaptarse al cambio","Aprender de la vida","Cambio personal","Crecimiento interior","Desarrollo personal","Motivaci\u00f3n y superaci\u00f3n","Reflexi\u00f3n sobre la vida","Sentido de la vida"],"articleSection":["Post"],"inLanguage":"es","potentialAction":[{"@type":"CommentAction","name":"Comment","target":["https:\/\/laescueladevida.com.ar\/index.php\/2025\/04\/01\/como-aceptar-el-cambio-y-crecer-con-la-vida\/#respond"]}]},{"@type":"WebPage","@id":"https:\/\/laescueladevida.com.ar\/index.php\/2025\/04\/01\/como-aceptar-el-cambio-y-crecer-con-la-vida\/","url":"https:\/\/laescueladevida.com.ar\/index.php\/2025\/04\/01\/como-aceptar-el-cambio-y-crecer-con-la-vida\/","name":"C\u00f3mo Aceptar el Cambio y Crecer con la Vida | Reflexi\u00f3n Inspiradora","isPartOf":{"@id":"https:\/\/laescueladevida.com.ar\/#website"},"primaryImageOfPage":{"@id":"https:\/\/laescueladevida.com.ar\/index.php\/2025\/04\/01\/como-aceptar-el-cambio-y-crecer-con-la-vida\/#primaryimage"},"image":{"@id":"https:\/\/laescueladevida.com.ar\/index.php\/2025\/04\/01\/como-aceptar-el-cambio-y-crecer-con-la-vida\/#primaryimage"},"thumbnailUrl":"https:\/\/laescueladevida.com.ar\/wp-content\/uploads\/2025\/03\/20250223_140056-1-scaled.webp","datePublished":"2025-04-01T13:41:36+00:00","dateModified":"2025-04-01T13:48:14+00:00","description":"\u2728 La vida cambia constantemente, y aprender a aceptarlo es clave para crecer. Descubre c\u00f3mo las experiencias inesperadas pueden llevarte a tu mejor versi\u00f3n. \ud83c\udf3f \u00a1Leer m\u00e1s!","breadcrumb":{"@id":"https:\/\/laescueladevida.com.ar\/index.php\/2025\/04\/01\/como-aceptar-el-cambio-y-crecer-con-la-vida\/#breadcrumb"},"inLanguage":"es","potentialAction":[{"@type":"ReadAction","target":["https:\/\/laescueladevida.com.ar\/index.php\/2025\/04\/01\/como-aceptar-el-cambio-y-crecer-con-la-vida\/"]}]},{"@type":"ImageObject","inLanguage":"es","@id":"https:\/\/laescueladevida.com.ar\/index.php\/2025\/04\/01\/como-aceptar-el-cambio-y-crecer-con-la-vida\/#primaryimage","url":"https:\/\/laescueladevida.com.ar\/wp-content\/uploads\/2025\/03\/20250223_140056-1-scaled.webp","contentUrl":"https:\/\/laescueladevida.com.ar\/wp-content\/uploads\/2025\/03\/20250223_140056-1-scaled.webp","width":1441,"height":2560},{"@type":"BreadcrumbList","@id":"https:\/\/laescueladevida.com.ar\/index.php\/2025\/04\/01\/como-aceptar-el-cambio-y-crecer-con-la-vida\/#breadcrumb","itemListElement":[{"@type":"ListItem","position":1,"name":"Portada","item":"https:\/\/laescueladevida.com.ar\/"},{"@type":"ListItem","position":2,"name":"C\u00f3mo Aceptar el Cambio y Crecer con la Vida: Una Reflexi\u00f3n Necesaria"}]},{"@type":"WebSite","@id":"https:\/\/laescueladevida.com.ar\/#website","url":"https:\/\/laescueladevida.com.ar\/","name":"Escuela de Vida","description":"Escuela de Vida ofrece herramientas psico-bioemocionales para superar bloqueos y vivir plenamente. Sesiones intensivas y talleres hol\u00edsticos. \ud83c\udf3f\ud83d\udcab","publisher":{"@id":"https:\/\/laescueladevida.com.ar\/#\/schema\/person\/7f8cd1f6f0ed927dffb428a028a5e312"},"potentialAction":[{"@type":"SearchAction","target":{"@type":"EntryPoint","urlTemplate":"https:\/\/laescueladevida.com.ar\/?s={search_term_string}"},"query-input":{"@type":"PropertyValueSpecification","valueRequired":true,"valueName":"search_term_string"}}],"inLanguage":"es"},{"@type":["Person","Organization"],"@id":"https:\/\/laescueladevida.com.ar\/#\/schema\/person\/7f8cd1f6f0ed927dffb428a028a5e312","name":"Karina Benito","image":{"@type":"ImageObject","inLanguage":"es","@id":"https:\/\/laescueladevida.com.ar\/#\/schema\/person\/image\/","url":"https:\/\/laescueladevida.com.ar\/wp-content\/uploads\/2025\/01\/logo-escuela-1.webp","contentUrl":"https:\/\/laescueladevida.com.ar\/wp-content\/uploads\/2025\/01\/logo-escuela-1.webp","width":512,"height":483,"caption":"Karina Benito"},"logo":{"@id":"https:\/\/laescueladevida.com.ar\/#\/schema\/person\/image\/"},"description":"Soy Karina Benito, residente de Luj\u00e1n, en la Provincia de Buenos Aires, Argentina. Con m\u00e1s de una d\u00e9cada de experiencia en la Decodificaci\u00f3n Psicogeneal\u00f3gica, he dedicado mi carrera a guiar a las personas en sus procesos de transformaci\u00f3n personal. Adem\u00e1s de ofrecer consultas personalizadas, imparto seminarios y formaciones, enriqueciendo continuamente el conocimiento y las herramientas disponibles para aquellos que buscan sanar y crecer. Como fundadora de 'Escuela de Vida', he tenido el privilegio de acompa\u00f1ar a innumerables individuos en sus caminos hacia una comprensi\u00f3n m\u00e1s profunda de s\u00ed mismos y de sus lealtades familiares.","sameAs":["http:\/\/laescueladevida.com.ar","https:\/\/www.facebook.com\/karinabenito.escuela","https:\/\/www.instagram.com\/karinabenito_escuela\/","https:\/\/www.youtube.com\/@karinabenito"],"url":"https:\/\/laescueladevida.com.ar\/index.php\/author\/kbenito\/"}]}},"_links":{"self":[{"href":"https:\/\/laescueladevida.com.ar\/index.php\/wp-json\/wp\/v2\/posts\/50283","targetHints":{"allow":["GET"]}}],"collection":[{"href":"https:\/\/laescueladevida.com.ar\/index.php\/wp-json\/wp\/v2\/posts"}],"about":[{"href":"https:\/\/laescueladevida.com.ar\/index.php\/wp-json\/wp\/v2\/types\/post"}],"author":[{"embeddable":true,"href":"https:\/\/laescueladevida.com.ar\/index.php\/wp-json\/wp\/v2\/users\/3"}],"replies":[{"embeddable":true,"href":"https:\/\/laescueladevida.com.ar\/index.php\/wp-json\/wp\/v2\/comments?post=50283"}],"version-history":[{"count":3,"href":"https:\/\/laescueladevida.com.ar\/index.php\/wp-json\/wp\/v2\/posts\/50283\/revisions"}],"predecessor-version":[{"id":50287,"href":"https:\/\/laescueladevida.com.ar\/index.php\/wp-json\/wp\/v2\/posts\/50283\/revisions\/50287"}],"wp:featuredmedia":[{"embeddable":true,"href":"https:\/\/laescueladevida.com.ar\/index.php\/wp-json\/wp\/v2\/media\/50249"}],"wp:attachment":[{"href":"https:\/\/laescueladevida.com.ar\/index.php\/wp-json\/wp\/v2\/media?parent=50283"}],"wp:term":[{"taxonomy":"category","embeddable":true,"href":"https:\/\/laescueladevida.com.ar\/index.php\/wp-json\/wp\/v2\/categories?post=50283"},{"taxonomy":"post_tag","embeddable":true,"href":"https:\/\/laescueladevida.com.ar\/index.php\/wp-json\/wp\/v2\/tags?post=50283"}],"curies":[{"name":"wp","href":"https:\/\/api.w.org\/{rel}","templated":true}]}}